{"id":30,"date":"2024-09-09T13:49:03","date_gmt":"2024-09-09T12:49:03","guid":{"rendered":"https:\/\/forumpolskichwiezowcow.pl\/2024\/09\/09\/historia-noza-w-europie\/"},"modified":"2024-09-22T23:48:56","modified_gmt":"2024-09-22T22:48:56","slug":"historia-noza-w-europie","status":"publish","type":"post","link":"https:\/\/forumpolskichwiezowcow.pl\/ro\/historia-noza-w-europie\/","title":{"rendered":"Istoria cu\u021bitului \u00een Europa."},"content":{"rendered":"<div class=\"kk-star-ratings kksr-auto kksr-align-left kksr-valign-top\"\n    data-payload='{&quot;align&quot;:&quot;left&quot;,&quot;id&quot;:&quot;30&quot;,&quot;slug&quot;:&quot;default&quot;,&quot;valign&quot;:&quot;top&quot;,&quot;ignore&quot;:&quot;&quot;,&quot;reference&quot;:&quot;auto&quot;,&quot;class&quot;:&quot;&quot;,&quot;count&quot;:&quot;0&quot;,&quot;legendonly&quot;:&quot;&quot;,&quot;readonly&quot;:&quot;&quot;,&quot;score&quot;:&quot;0&quot;,&quot;starsonly&quot;:&quot;&quot;,&quot;best&quot;:&quot;5&quot;,&quot;gap&quot;:&quot;5&quot;,&quot;greet&quot;:&quot;&quot;,&quot;legend&quot;:&quot;0\\\/5 - (0 votes)&quot;,&quot;size&quot;:&quot;24&quot;,&quot;title&quot;:&quot;Historia no\u017ca w Europie.&quot;,&quot;width&quot;:&quot;0&quot;,&quot;_legend&quot;:&quot;{score}\\\/{best} - ({count} {votes})&quot;,&quot;font_factor&quot;:&quot;1.25&quot;}'>\n            \n<div class=\"kksr-stars\">\n    \n<div class=\"kksr-stars-inactive\">\n            <div class=\"kksr-star\" data-star=\"1\" style=\"padding-right: 5px\">\n            \n\n<div class=\"kksr-icon\" style=\"width: 24px; height: 24px;\"><\/div>\n        <\/div>\n            <div class=\"kksr-star\" data-star=\"2\" style=\"padding-right: 5px\">\n            \n\n<div class=\"kksr-icon\" style=\"width: 24px; height: 24px;\"><\/div>\n        <\/div>\n            <div class=\"kksr-star\" data-star=\"3\" style=\"padding-right: 5px\">\n            \n\n<div class=\"kksr-icon\" style=\"width: 24px; height: 24px;\"><\/div>\n        <\/div>\n            <div class=\"kksr-star\" data-star=\"4\" style=\"padding-right: 5px\">\n            \n\n<div class=\"kksr-icon\" style=\"width: 24px; height: 24px;\"><\/div>\n        <\/div>\n            <div class=\"kksr-star\" data-star=\"5\" style=\"padding-right: 5px\">\n            \n\n<div class=\"kksr-icon\" style=\"width: 24px; height: 24px;\"><\/div>\n        <\/div>\n    <\/div>\n    \n<div class=\"kksr-stars-active\" style=\"width: 0px;\">\n            <div class=\"kksr-star\" style=\"padding-right: 5px\">\n            \n\n<div class=\"kksr-icon\" style=\"width: 24px; height: 24px;\"><\/div>\n        <\/div>\n            <div class=\"kksr-star\" style=\"padding-right: 5px\">\n            \n\n<div class=\"kksr-icon\" style=\"width: 24px; height: 24px;\"><\/div>\n        <\/div>\n            <div class=\"kksr-star\" style=\"padding-right: 5px\">\n            \n\n<div class=\"kksr-icon\" style=\"width: 24px; height: 24px;\"><\/div>\n        <\/div>\n            <div class=\"kksr-star\" style=\"padding-right: 5px\">\n            \n\n<div class=\"kksr-icon\" style=\"width: 24px; height: 24px;\"><\/div>\n        <\/div>\n            <div class=\"kksr-star\" style=\"padding-right: 5px\">\n            \n\n<div class=\"kksr-icon\" style=\"width: 24px; height: 24px;\"><\/div>\n        <\/div>\n    <\/div>\n<\/div>\n                \n\n<div class=\"kksr-legend\" style=\"font-size: 19.2px;\">\n            <span class=\"kksr-muted\"><\/span>\n    <\/div>\n    <\/div>\n<p>&#8222;`<\/p>\n<p>Cu\u021bitul, unul dintre cele mai vechi unelte folosite de om, are o istorie bogat\u0103 \u0219i complex\u0103 \u00een Europa. De-a lungul secolelor, a evoluat de la un simplu instrument preistoric la un obiect complex \u0219i elegant de zi cu zi. A jucat un rol cheie \u00een dezvoltarea me\u0219te\u0219ugurilor, buc\u0103t\u0103riei \u0219i artei \u00een diverse culturi. \u00cen acest articol, vom analiza evolu\u021bia cu\u021bitului \u00een Europa, de la cele mai vechi forme ale sale, prin Evul Mediu \u0219i p\u00e2n\u0103 \u00een prezent. De asemenea, vom discuta despre importan\u021ba diferitelor regiuni din Europa \u00een produc\u021bia de cu\u021bite \u0219i ce tendin\u021be domin\u0103 pia\u021ba ast\u0103zi. Vom analiza, de asemenea, evolu\u021bii moderne, cum ar fi cu\u021bitul huusk, care a c\u00e2\u0219tigat popularitate datorit\u0103 designului \u0219i func\u021bionalit\u0103\u021bii sale unice.<\/p>\n<h2>\u00cenceputurile cu\u021bitului \u00een Europa<\/h2>\n<p>Originile cu\u021bitului \u00een Europa dateaz\u0103 din timpurile preistorice, c\u00e2nd oamenii foloseau unelte din silex, os \u0219i lemn. Aceste cu\u021bite timpurii erau esen\u021biale pentru supravie\u021buire, permi\u021b\u00e2ndu-le s\u0103 ob\u021bin\u0103 hran\u0103 \u0219i s\u0103 fabrice alte unelte. De-a lungul timpului, odat\u0103 cu descoperirile din metalurgie, cu\u021bitele au \u00eenceput s\u0103 fie fabricate din metale, ceea ce le-a sporit durabilitatea \u0219i func\u021bionalitatea. Pe m\u0103sur\u0103 ce abilit\u0103\u021bile umane au avansat, designul cu\u021bitelor a devenit \u0219i el mai complex. Au fost create diferite forme de cu\u021bite, de la unelte simple, cu un singur scop, p\u00e2n\u0103 la unele mai specializate, cum ar fi cu\u021bitele de v\u00e2n\u0103toare. Aceste schimb\u0103ri de design reflect\u0103 at\u00e2t progresele tehnice, c\u00e2t \u0219i nevoile sociale ale oamenilor de la acea vreme.<\/p>\n<h3>Grecia \u0219i Roma Antic\u0103<\/h3>\n<p>Cu\u021bitele din societ\u0103\u021bile grece\u0219ti \u0219i romane antice aveau nu doar o func\u021bie utilitar\u0103, ci \u0219i una simbolic\u0103. Designul lor reflecta adesea statutul social al proprietarilor lor. \u00cen Grecia, cu\u021bitele erau adesea decorate \u0219i folosite ca daruri \u00een ceremonii \u0219i ritualuri. La Roma, cu\u021bitele erau unelte populare \u00een gospod\u0103rie \u0219i \u00een armat\u0103. Abilit\u0103\u021bile me\u0219te\u0219ugarilor din spatele produc\u021biei lor erau extrem de avansate, folosind diferite stiluri pentru a reflecta cultura unei anumite regiuni. Ca atare, cu\u021bitele au devenit artefacte importante care combinau func\u021bionalitatea cu estetica.<\/p>\n<h2>Evul Mediu \u0219i Rena\u0219terea<\/h2>\n<p>\u00cen Evul Mediu, cu\u021bitele au devenit un obiect de uz casnic obi\u0219nuit, cunoscute \u00een fiecare cas\u0103 \u0219i adesea purtate la centur\u0103. Aceste unelte au evoluat ca form\u0103 \u0219i stil, iar diferite regiuni au \u00eenceput s\u0103 se specializeze \u00een produc\u021bia lor. Forme distinctive au ap\u0103rut \u00een Europa, cum ar fi cu\u021bitele cavalere\u0219ti \u0219i cu\u021bitele de m\u00e2ncat. Pe m\u0103sur\u0103 ce Rena\u0219terea a avansat arta \u0219i \u0219tiin\u021ba, cu\u021bitele au devenit \u0219i ele mai complexe, ad\u0103ug\u00e2ndu-se diverse decora\u021biuni \u0219i sculpturi. Materiale precum o\u021belul de Damasc au \u00eenceput s\u0103 fie folosite \u00een produc\u021bia de cu\u021bite, sporindu-le calitatea \u0219i prestigiul. \u00cen aceast\u0103 perioad\u0103, cu\u021bitele au c\u00e2\u0219tigat statutul nu doar de unelte, ci \u0219i de opere de art\u0103.<\/p>\n<h3>Tac\u00e2muri \u0219i me\u0219te\u0219uguri<\/h3>\n<p>\u00cen perioada \u00eenfloririi Evului Mediu, au fost \u00eenfiin\u021bate ateliere de cu\u021bite celebre, care au devenit centre de produc\u021bie de cu\u021bite la scar\u0103 larg\u0103. Me\u0219terii specializa\u021bi \u00een acest domeniu au \u00eenceput s\u0103 creeze o varietate extrem de larg\u0103 de modele, de la unelte simple p\u00e2n\u0103 la cu\u021bite de colec\u021bie complexe. Multe dintre aceste ateliere au dezvoltat tehnici \u0219i tradi\u021bii unice care au supravie\u021buit timp de secole. Tabelul de mai jos prezint\u0103 c\u00e2teva dintre regiunile celebre asociate cu produc\u021bia de cu\u021bite \u0219i tr\u0103s\u0103turile lor caracteristice.<\/p>\n<table>\n<tr>\n<th>Regiune<\/th>\n<th>Caracteristici cunoscute<\/th>\n<\/tr>\n<tr>\n<td>Solingen (Germania)<\/td>\n<td>O\u021bel tradi\u021bional, finisaj de precizie<\/td>\n<\/tr>\n<tr>\n<td>Thiers (Fran\u021ba)<\/td>\n<td>O gam\u0103 larg\u0103 de cu\u021bite de buc\u0103t\u0103rie, m\u0103iestrie a me\u0219te\u0219ugului<\/td>\n<\/tr>\n<tr>\n<td>Sheffield (Anglia)<\/td>\n<td>Tehnici de produc\u021bie inovatoare, legende \u00een m\u0103iestrie<\/td>\n<p><img decoding=\"async\" src=\"https:\/\/media.istockphoto.com\/id\/1134502481\/ru\/%D1%84%D0%BE%D1%82%D0%BE\/%D0%BE%D1%85%D0%BE%D1%82%D0%BD%D0%B8%D1%87%D0%B8%D0%B9-%D0%BD%D0%BE%D0%B6-wth-%D0%B4%D0%B5%D1%80%D0%B5%D0%B2%D1%8F%D0%BD%D0%BD%D0%B0%D1%8F-%D1%80%D1%83%D1%87%D0%BA%D0%B0-%D0%BD%D0%B0-%D1%82%D0%B5%D0%BC%D0%BD%D0%BE%D0%BC-%D0%B4%D0%B5%D1%80%D0%B5%D0%B2%D1%8F%D0%BD%D0%BD%D0%BE%D0%BC-%D1%84%D0%BE%D0%BD%D0%B5-%D1%81%D1%82%D0%B0%D0%BB%D1%8C%D0%BD%D0%BE%D0%B5-%D0%BE%D1%80%D1%83%D0%B6%D0%B8%D0%B5.jpg?s=612x612&#038;w=0&#038;k=20&#038;c=QOm3cKdw7F6X95kdG-IDspys9Q-YONhEI9jo55DCUK4=\" alt=\"Misternie zaprojektowany historyczny europejski n\u00f3\u017c z drewnian\u0105 r\u0119koje\u015bci\u0105 wyeksponowany na drewnianej powierzchni.\"\/><br \/>\n<\/tr>\n<\/table>\n<h2>Epoca modern\u0103<\/h2>\n<p>\u00cen epoca modern\u0103, cu\u021bitele au suferit o transformare semnificativ\u0103 datorit\u0103 noilor tehnologii \u0219i materiale. Introducerea o\u021belului inoxidabil \u0219i a tehnicilor avansate de fabrica\u021bie a influen\u021bat calitatea \u0219i varietatea cu\u021bitelor disponibile pe pia\u021b\u0103. Cu\u021bitele militare \u0219i de lupt\u0103 au devenit mai complexe, r\u0103spunz\u00e2nd nevoilor tehnicilor de lupt\u0103 \u00een schimbare. \u00cen buc\u0103t\u0103riile profesionale \u0219i de acas\u0103, cu\u021bitele au c\u00e2\u0219tigat \u0219i ele importan\u021b\u0103, iar diverse tipuri de cu\u021bite de buc\u0103t\u0103rie au devenit standard. Aceste inova\u021bii nu numai c\u0103 au sporit func\u021bionalitatea cu\u021bitelor, dar au contribuit \u0219i la popularitatea lor ca obiecte de colec\u021bie. Cu\u021bitul huusk modern, cu forma sa unic\u0103, a c\u00e2\u0219tigat recunoa\u0219tere \u00een buc\u0103t\u0103riile din \u00eentreaga lume.<\/p>\n<h3>Cu\u021bitele ca element al culturii<\/h3>\n<p>Cu\u021bitele au devenit nu doar unelte, ci \u0219i o parte integrant\u0103 a culturii europene. Referin\u021be simbolice la cu\u021bite au ap\u0103rut \u00een art\u0103 \u0219i literatur\u0103, adesea folosite ca metafore. Unele cu\u021bite au devenit chiar elemente ale identit\u0103\u021bii culturale a regiunilor \u00een care au fost fabricate. Schimb\u0103rile \u00een designul cu\u021bitelor din diferite regiuni ale Europei sunt o reflectare a tradi\u021biilor \u0219i istoriei locale. Rolul cu\u021bitelor \u00een tradi\u021biile gastronomice este, de asemenea, fascinant, unde o varietate de cu\u021bite de buc\u0103t\u0103rie \u00eenso\u021besc preparatele locale. Cu\u021bitele au c\u0103p\u0103tat importan\u021b\u0103 \u0219i \u00een contextul me\u0219te\u0219ugurilor artistice, unde adev\u0103rate opere de art\u0103 sunt create din componente metalice \u0219i din lemn.<\/p>\n<h2>Cu\u021bite moderne<\/h2>\n<p>Ast\u0103zi, \u00een era inova\u021biei, cu\u021bitele sunt proiectate folosind tehnologia modern\u0103, ceea ce contribuie la popularitatea lor. \u00cen acest context, me\u0219te\u0219ugurile cunosc o rena\u0219tere, exist\u00e2nd un interes tot mai mare pentru cu\u021bitele lucrate manual. Astfel de me\u0219teri creeaz\u0103 cu\u021bite unice \u0219i adesea \u00een edi\u021bie limitat\u0103, care atrag colec\u021bionari \u0219i pasiona\u021bi. Dezvoltarea stilurilor \u0219i formelor de cu\u021bite, de la clasic la modern, arat\u0103 diversitatea \u0219i creativitatea designerilor contemporani. Pe l\u00e2ng\u0103 func\u021bia lor utilitar\u0103, cu\u021bitele sunt din ce \u00een ce mai mult folosite ca obiecte de art\u0103. Estetica extraordinar\u0103 a cu\u021bitelor, cum ar fi cu\u021bitul huusk, atrage aten\u021bia \u0219i se bucur\u0103 de popularitate \u00een \u00eentreaga lume.<\/p>\n<h3>Cu\u021bite \u00een buc\u0103t\u0103rie \u0219i recreere<\/h3>\n<p>Cu\u021bitele joac\u0103 un rol de ne\u00eenlocuit at\u00e2t \u00een buc\u0103t\u0103rii, c\u00e2t \u0219i \u00een activit\u0103\u021bile recreative. \u00cen contextul culinar, multe tipuri de cu\u021bite, cum ar fi cu\u021bitele de buc\u0103tar \u0219i cu\u021bitele de filetat, au devenit echipamente esen\u021biale at\u00e2t pentru buc\u0103tarii profesioni\u0219ti, c\u00e2t \u0219i pentru amatori. \u00cen recreere, cu\u021bitele de v\u00e2n\u0103toare \u0219i cu\u021bitele multifunc\u021bionale pentru exterior au c\u00e2\u0219tigat popularitate \u00een r\u00e2ndul pasiona\u021bilor de natur\u0103 \u0219i supravie\u021buire. \u00cen plus, mul\u021bi oameni \u00eencep s\u0103 trateze cu\u021bitele ca elemente esen\u021biale ale colec\u021biilor lor, ceea ce a dus la crearea de t\u00e2rguri \u0219i expozi\u021bii dedicate. \u00cen aceste contexte, cu\u021bitele nu sunt doar func\u021bionale, ci \u0219i frumoase, ceea ce face ca rolul lor \u00een via\u021ba noastr\u0103 s\u0103 fie \u00eenc\u0103 relevant \u0219i semnificativ.<\/p>\n<h2>Rezumat<\/h2>\n<p>\u00cen concluzie, cu\u021bitul nu este doar o unealt\u0103, ci \u0219i un element esen\u021bial al culturii \u0219i istoriei europene. A evoluat de-a lungul secolelor, adapt\u00e2ndu-se nevoilor societ\u0103\u021bii \u0219i culturii. Importan\u021ba sa \u00een via\u021ba de zi cu zi \u0219i \u00een art\u0103 este incontestabil\u0103, iar varietatea de modele \u0219i stiluri arat\u0103 c\u00e2t de complex este acest obiect. Cu un viitor promi\u021b\u0103tor \u0219i tendin\u021be moderne, cu\u021bitele vor continua s\u0103 joace un rol important \u00een via\u021ba noastr\u0103. Fie c\u0103 sunt folosite \u00een buc\u0103t\u0103rie, \u00een me\u0219te\u0219uguri sau ca obiecte de colec\u021bie, cu\u021bitele r\u0103m\u00e2n o parte indispensabil\u0103 a existen\u021bei noastre de zi cu zi.<\/p>\n<h2>FAQ<\/h2>\n<div>\n<h3>1. Care au fost primele materiale folosite pentru fabricarea cu\u021bitelor?<\/h3>\n<p>Primele cu\u021bite au fost fabricate din silex, iar mai t\u00e2rziu din metale precum cuprul \u0219i bronzul, ceea ce a permis o mai mare durabilitate \u0219i eficien\u021b\u0103.<\/p>\n<h3>2. Cum s-au schimbat cu\u021bitele \u00een Europa de-a lungul secolelor?<\/h3>\n<p>Cu\u021bitele au evoluat \u00een design \u0219i func\u021bionalitate, de la unelte simple din preistorie la modele complexe din Rena\u0219tere \u0219i epoca modern\u0103.<\/p>\n<h3>3. Care sunt cele mai populare tipuri de cu\u021bite \u00een Europa ast\u0103zi?<\/h3>\n<p>Cele mai populare sunt cu\u021bitele de buc\u0103t\u0103rie, cu\u021bitele de v\u00e2n\u0103toare \u0219i cu\u021bitele multifunc\u021bionale folosite pentru diverse activit\u0103\u021bi \u00een aer liber.<\/p>\n<h3>4. Care era importan\u021ba cu\u021bitelor la cavalerii medievali?<\/h3>\n<p>Cu\u021bitele nu erau doar o unealt\u0103 de zi cu zi, ci \u0219i un simbol al statutului \u0219i masculinit\u0103\u021bii \u00een r\u00e2ndul cavalerilor, adesea purtate ca semn de prestigiu.<\/p>\n<h3>5. Care regiuni ale Europei sunt renumite pentru produc\u021bia de cu\u021bite?<\/h3>\n<p>Regiuni precum Solingen \u00een Germania, Thiers \u00een Fran\u021ba \u0219i Sheffield \u00een Anglia au o lung\u0103 tradi\u021bie \u00een fabricarea cu\u021bitelor, atr\u0103g\u00e2nd at\u00e2t artizani, c\u00e2t \u0219i pasiona\u021bi.<\/p>\n<\/div>\n<p>&#8222;`<\/p>","protected":false},"excerpt":{"rendered":"<p>\u201eCu\u021bitul, unul dintre cele mai vechi unelte folosite de om, are o istorie bogat\u0103 \u0219i complex\u0103 \u00een Europa. De-a lungul secolelor, a evoluat de la un simplu instrument preistoric la un obiect complex \u0219i elegant de zi cu zi. A jucat un rol cheie \u00een dezvoltarea me\u0219te\u0219ugurilor, buc\u0103t\u0103riei \u0219i artei \u00een diverse culturi. \u00cen acest articol, vom analiza evolu\u021bia cu\u021bitului \u00een Europa, de la cele mai vechi [\u2026]\u201d<\/p>","protected":false},"author":1,"featured_media":0,"comment_status":"open","ping_status":"open","sticky":false,"template":"","format":"standard","meta":{"_acf_changed":false,"site-container-style":"default","site-container-layout":"default","site-sidebar-layout":"default","site-transparent-header":"default","prose-style":"enable","disable-article-header":"default","disable-site-header":"default","disable-site-footer":"default","disable-content-area-spacing":"default","footnotes":""},"categories":[1,4],"tags":[],"class_list":["post-30","post","type-post","status-publish","format-standard","hentry","category-blog","category-historia"],"acf":[],"yoast_head":"<!-- This site is optimized with the Yoast SEO plugin v23.2 - https:\/\/yoast.com\/wordpress\/plugins\/seo\/ -->\n<title>Historia no\u017ca w Europie. - forumpolskichwiezowcow.pl<\/title>\n<meta name=\"description\" content=\"Odkryj fascynuj\u0105c\u0105 histori\u0119 no\u017ca w Europie, od jego pradawnych pocz\u0105tk\u00f3w po wsp\u00f3\u0142czesne zastosowania. Dowiedz si\u0119, jak narz\u0119dzie to ewoluowa\u0142o na przestrzeni wiek\u00f3w i jakie mia\u0142o znaczenie w kulturze i codziennym \u017cyciu.\" \/>\n<meta name=\"robots\" content=\"index, follow, max-snippet:-1, max-image-preview:large, max-video-preview:-1\" \/>\n<link rel=\"canonical\" href=\"https:\/\/forumpolskichwiezowcow.pl\/ro\/historia-noza-w-europie\/\" \/>\n<meta property=\"og:locale\" content=\"ro_RO\" \/>\n<meta property=\"og:type\" content=\"article\" \/>\n<meta property=\"og:title\" content=\"Historia no\u017ca w Europie. - forumpolskichwiezowcow.pl\" \/>\n<meta property=\"og:description\" content=\"Odkryj fascynuj\u0105c\u0105 histori\u0119 no\u017ca w Europie, od jego pradawnych pocz\u0105tk\u00f3w po wsp\u00f3\u0142czesne zastosowania. Dowiedz si\u0119, jak narz\u0119dzie to ewoluowa\u0142o na przestrzeni wiek\u00f3w i jakie mia\u0142o znaczenie w kulturze i codziennym \u017cyciu.\" \/>\n<meta property=\"og:url\" content=\"https:\/\/forumpolskichwiezowcow.pl\/ro\/historia-noza-w-europie\/\" \/>\n<meta property=\"og:site_name\" content=\"forumpolskichwiezowcow.pl\" \/>\n<meta property=\"article:published_time\" content=\"2024-09-09T12:49:03+00:00\" \/>\n<meta property=\"article:modified_time\" content=\"2024-09-22T22:48:56+00:00\" \/>\n<meta property=\"og:image\" content=\"https:\/\/media.istockphoto.com\/id\/1134502481\/ru\/%D1%84%D0%BE%D1%82%D0%BE\/%D0%BE%D1%85%D0%BE%D1%82%D0%BD%D0%B8%D1%87%D0%B8%D0%B9-%D0%BD%D0%BE%D0%B6-wth-%D0%B4%D0%B5%D1%80%D0%B5%D0%B2%D1%8F%D0%BD%D0%BD%D0%B0%D1%8F-%D1%80%D1%83%D1%87%D0%BA%D0%B0-%D0%BD%D0%B0-%D1%82%D0%B5%D0%BC%D0%BD%D0%BE%D0%BC-%D0%B4%D0%B5%D1%80%D0%B5%D0%B2%D1%8F%D0%BD%D0%BD%D0%BE%D0%BC-%D1%84%D0%BE%D0%BD%D0%B5-%D1%81%D1%82%D0%B0%D0%BB%D1%8C%D0%BD%D0%BE%D0%B5-%D0%BE%D1%80%D1%83%D0%B6%D0%B8%D0%B5.jpg?s=612x612&w=0&k=20&c=QOm3cKdw7F6X95kdG-IDspys9Q-YONhEI9jo55DCUK4=\" \/>\n<meta name=\"author\" content=\"Sandra Kowal\" \/>\n<meta name=\"twitter:card\" content=\"summary_large_image\" \/>\n<meta name=\"twitter:label1\" content=\"Scris de\" \/>\n\t<meta name=\"twitter:data1\" content=\"Sandra Kowal\" \/>\n\t<meta name=\"twitter:label2\" content=\"Timp estimat pentru citire\" \/>\n\t<meta name=\"twitter:data2\" content=\"7 minute\" \/>\n<script type=\"application\/ld+json\" class=\"yoast-schema-graph\">{\"@context\":\"https:\/\/schema.org\",\"@graph\":[{\"@type\":\"WebPage\",\"@id\":\"https:\/\/forumpolskichwiezowcow.pl\/historia-noza-w-europie\/\",\"url\":\"https:\/\/forumpolskichwiezowcow.pl\/historia-noza-w-europie\/\",\"name\":\"Historia no\u017ca w Europie. - forumpolskichwiezowcow.pl\",\"isPartOf\":{\"@id\":\"https:\/\/forumpolskichwiezowcow.pl\/#website\"},\"primaryImageOfPage\":{\"@id\":\"https:\/\/forumpolskichwiezowcow.pl\/historia-noza-w-europie\/#primaryimage\"},\"image\":{\"@id\":\"https:\/\/forumpolskichwiezowcow.pl\/historia-noza-w-europie\/#primaryimage\"},\"thumbnailUrl\":\"https:\/\/media.istockphoto.com\/id\/1134502481\/ru\/%D1%84%D0%BE%D1%82%D0%BE\/%D0%BE%D1%85%D0%BE%D1%82%D0%BD%D0%B8%D1%87%D0%B8%D0%B9-%D0%BD%D0%BE%D0%B6-wth-%D0%B4%D0%B5%D1%80%D0%B5%D0%B2%D1%8F%D0%BD%D0%BD%D0%B0%D1%8F-%D1%80%D1%83%D1%87%D0%BA%D0%B0-%D0%BD%D0%B0-%D1%82%D0%B5%D0%BC%D0%BD%D0%BE%D0%BC-%D0%B4%D0%B5%D1%80%D0%B5%D0%B2%D1%8F%D0%BD%D0%BD%D0%BE%D0%BC-%D1%84%D0%BE%D0%BD%D0%B5-%D1%81%D1%82%D0%B0%D0%BB%D1%8C%D0%BD%D0%BE%D0%B5-%D0%BE%D1%80%D1%83%D0%B6%D0%B8%D0%B5.jpg?s=612x612&w=0&k=20&c=QOm3cKdw7F6X95kdG-IDspys9Q-YONhEI9jo55DCUK4=\",\"datePublished\":\"2024-09-09T12:49:03+00:00\",\"dateModified\":\"2024-09-22T22:48:56+00:00\",\"author\":{\"@id\":\"https:\/\/forumpolskichwiezowcow.pl\/#\/schema\/person\/dfb6ec15c596836354cd82d05056f638\"},\"description\":\"Odkryj fascynuj\u0105c\u0105 histori\u0119 no\u017ca w Europie, od jego pradawnych pocz\u0105tk\u00f3w po wsp\u00f3\u0142czesne zastosowania. Dowiedz si\u0119, jak narz\u0119dzie to ewoluowa\u0142o na przestrzeni wiek\u00f3w i jakie mia\u0142o znaczenie w kulturze i codziennym \u017cyciu.\",\"breadcrumb\":{\"@id\":\"https:\/\/forumpolskichwiezowcow.pl\/historia-noza-w-europie\/#breadcrumb\"},\"inLanguage\":\"ro-RO\",\"potentialAction\":[{\"@type\":\"ReadAction\",\"target\":[\"https:\/\/forumpolskichwiezowcow.pl\/historia-noza-w-europie\/\"]}]},{\"@type\":\"ImageObject\",\"inLanguage\":\"ro-RO\",\"@id\":\"https:\/\/forumpolskichwiezowcow.pl\/historia-noza-w-europie\/#primaryimage\",\"url\":\"https:\/\/media.istockphoto.com\/id\/1134502481\/ru\/%D1%84%D0%BE%D1%82%D0%BE\/%D0%BE%D1%85%D0%BE%D1%82%D0%BD%D0%B8%D1%87%D0%B8%D0%B9-%D0%BD%D0%BE%D0%B6-wth-%D0%B4%D0%B5%D1%80%D0%B5%D0%B2%D1%8F%D0%BD%D0%BD%D0%B0%D1%8F-%D1%80%D1%83%D1%87%D0%BA%D0%B0-%D0%BD%D0%B0-%D1%82%D0%B5%D0%BC%D0%BD%D0%BE%D0%BC-%D0%B4%D0%B5%D1%80%D0%B5%D0%B2%D1%8F%D0%BD%D0%BD%D0%BE%D0%BC-%D1%84%D0%BE%D0%BD%D0%B5-%D1%81%D1%82%D0%B0%D0%BB%D1%8C%D0%BD%D0%BE%D0%B5-%D0%BE%D1%80%D1%83%D0%B6%D0%B8%D0%B5.jpg?s=612x612&w=0&k=20&c=QOm3cKdw7F6X95kdG-IDspys9Q-YONhEI9jo55DCUK4=\",\"contentUrl\":\"https:\/\/media.istockphoto.com\/id\/1134502481\/ru\/%D1%84%D0%BE%D1%82%D0%BE\/%D0%BE%D1%85%D0%BE%D1%82%D0%BD%D0%B8%D1%87%D0%B8%D0%B9-%D0%BD%D0%BE%D0%B6-wth-%D0%B4%D0%B5%D1%80%D0%B5%D0%B2%D1%8F%D0%BD%D0%BD%D0%B0%D1%8F-%D1%80%D1%83%D1%87%D0%BA%D0%B0-%D0%BD%D0%B0-%D1%82%D0%B5%D0%BC%D0%BD%D0%BE%D0%BC-%D0%B4%D0%B5%D1%80%D0%B5%D0%B2%D1%8F%D0%BD%D0%BD%D0%BE%D0%BC-%D1%84%D0%BE%D0%BD%D0%B5-%D1%81%D1%82%D0%B0%D0%BB%D1%8C%D0%BD%D0%BE%D0%B5-%D0%BE%D1%80%D1%83%D0%B6%D0%B8%D0%B5.jpg?s=612x612&w=0&k=20&c=QOm3cKdw7F6X95kdG-IDspys9Q-YONhEI9jo55DCUK4=\"},{\"@type\":\"BreadcrumbList\",\"@id\":\"https:\/\/forumpolskichwiezowcow.pl\/historia-noza-w-europie\/#breadcrumb\",\"itemListElement\":[{\"@type\":\"ListItem\",\"position\":1,\"name\":\"Home\",\"item\":\"https:\/\/forumpolskichwiezowcow.pl\/\"},{\"@type\":\"ListItem\",\"position\":2,\"name\":\"Historia no\u017ca w Europie.\"}]},{\"@type\":\"WebSite\",\"@id\":\"https:\/\/forumpolskichwiezowcow.pl\/#website\",\"url\":\"https:\/\/forumpolskichwiezowcow.pl\/\",\"name\":\"forumpolskichwiezowcow.pl\",\"description\":\"No\u017ce: narz\u0119dzia, kt\u00f3re kszta\u0142tuj\u0105 histori\u0119, kulinaria i przetrwanie.\",\"potentialAction\":[{\"@type\":\"SearchAction\",\"target\":{\"@type\":\"EntryPoint\",\"urlTemplate\":\"https:\/\/forumpolskichwiezowcow.pl\/?s={search_term_string}\"},\"query-input\":\"required name=search_term_string\"}],\"inLanguage\":\"ro-RO\"},{\"@type\":\"Person\",\"@id\":\"https:\/\/forumpolskichwiezowcow.pl\/#\/schema\/person\/dfb6ec15c596836354cd82d05056f638\",\"name\":\"Sandra Kowal\",\"image\":{\"@type\":\"ImageObject\",\"inLanguage\":\"ro-RO\",\"@id\":\"https:\/\/forumpolskichwiezowcow.pl\/#\/schema\/person\/image\/\",\"url\":\"https:\/\/forumpolskichwiezowcow.pl\/wp-content\/uploads\/slihjicded1_ad_avatar-96x96.jpg\",\"contentUrl\":\"https:\/\/forumpolskichwiezowcow.pl\/wp-content\/uploads\/slihjicded1_ad_avatar-96x96.jpg\",\"caption\":\"Sandra Kowal\"},\"url\":\"https:\/\/forumpolskichwiezowcow.pl\/ro\/author\/sandra-kowal\/\"}]}<\/script>\n<!-- \/ Yoast SEO plugin. -->","yoast_head_json":{"title":"Historia no\u017ca w Europie. - forumpolskichwiezowcow.pl","description":"Odkryj fascynuj\u0105c\u0105 histori\u0119 no\u017ca w Europie, od jego pradawnych pocz\u0105tk\u00f3w po wsp\u00f3\u0142czesne zastosowania. Dowiedz si\u0119, jak narz\u0119dzie to ewoluowa\u0142o na przestrzeni wiek\u00f3w i jakie mia\u0142o znaczenie w kulturze i codziennym \u017cyciu.","robots":{"index":"index","follow":"follow","max-snippet":"max-snippet:-1","max-image-preview":"max-image-preview:large","max-video-preview":"max-video-preview:-1"},"canonical":"https:\/\/forumpolskichwiezowcow.pl\/ro\/historia-noza-w-europie\/","og_locale":"ro_RO","og_type":"article","og_title":"Historia no\u017ca w Europie. - forumpolskichwiezowcow.pl","og_description":"Odkryj fascynuj\u0105c\u0105 histori\u0119 no\u017ca w Europie, od jego pradawnych pocz\u0105tk\u00f3w po wsp\u00f3\u0142czesne zastosowania. Dowiedz si\u0119, jak narz\u0119dzie to ewoluowa\u0142o na przestrzeni wiek\u00f3w i jakie mia\u0142o znaczenie w kulturze i codziennym \u017cyciu.","og_url":"https:\/\/forumpolskichwiezowcow.pl\/ro\/historia-noza-w-europie\/","og_site_name":"forumpolskichwiezowcow.pl","article_published_time":"2024-09-09T12:49:03+00:00","article_modified_time":"2024-09-22T22:48:56+00:00","og_image":[{"url":"https:\/\/media.istockphoto.com\/id\/1134502481\/ru\/%D1%84%D0%BE%D1%82%D0%BE\/%D0%BE%D1%85%D0%BE%D1%82%D0%BD%D0%B8%D1%87%D0%B8%D0%B9-%D0%BD%D0%BE%D0%B6-wth-%D0%B4%D0%B5%D1%80%D0%B5%D0%B2%D1%8F%D0%BD%D0%BD%D0%B0%D1%8F-%D1%80%D1%83%D1%87%D0%BA%D0%B0-%D0%BD%D0%B0-%D1%82%D0%B5%D0%BC%D0%BD%D0%BE%D0%BC-%D0%B4%D0%B5%D1%80%D0%B5%D0%B2%D1%8F%D0%BD%D0%BD%D0%BE%D0%BC-%D1%84%D0%BE%D0%BD%D0%B5-%D1%81%D1%82%D0%B0%D0%BB%D1%8C%D0%BD%D0%BE%D0%B5-%D0%BE%D1%80%D1%83%D0%B6%D0%B8%D0%B5.jpg?s=612x612&w=0&k=20&c=QOm3cKdw7F6X95kdG-IDspys9Q-YONhEI9jo55DCUK4="}],"author":"Sandra Kowal","twitter_card":"summary_large_image","twitter_misc":{"Scris de":"Sandra Kowal","Timp estimat pentru citire":"7 minute"},"schema":{"@context":"https:\/\/schema.org","@graph":[{"@type":"WebPage","@id":"https:\/\/forumpolskichwiezowcow.pl\/historia-noza-w-europie\/","url":"https:\/\/forumpolskichwiezowcow.pl\/historia-noza-w-europie\/","name":"Historia no\u017ca w Europie. - forumpolskichwiezowcow.pl","isPartOf":{"@id":"https:\/\/forumpolskichwiezowcow.pl\/#website"},"primaryImageOfPage":{"@id":"https:\/\/forumpolskichwiezowcow.pl\/historia-noza-w-europie\/#primaryimage"},"image":{"@id":"https:\/\/forumpolskichwiezowcow.pl\/historia-noza-w-europie\/#primaryimage"},"thumbnailUrl":"https:\/\/media.istockphoto.com\/id\/1134502481\/ru\/%D1%84%D0%BE%D1%82%D0%BE\/%D0%BE%D1%85%D0%BE%D1%82%D0%BD%D0%B8%D1%87%D0%B8%D0%B9-%D0%BD%D0%BE%D0%B6-wth-%D0%B4%D0%B5%D1%80%D0%B5%D0%B2%D1%8F%D0%BD%D0%BD%D0%B0%D1%8F-%D1%80%D1%83%D1%87%D0%BA%D0%B0-%D0%BD%D0%B0-%D1%82%D0%B5%D0%BC%D0%BD%D0%BE%D0%BC-%D0%B4%D0%B5%D1%80%D0%B5%D0%B2%D1%8F%D0%BD%D0%BD%D0%BE%D0%BC-%D1%84%D0%BE%D0%BD%D0%B5-%D1%81%D1%82%D0%B0%D0%BB%D1%8C%D0%BD%D0%BE%D0%B5-%D0%BE%D1%80%D1%83%D0%B6%D0%B8%D0%B5.jpg?s=612x612&w=0&k=20&c=QOm3cKdw7F6X95kdG-IDspys9Q-YONhEI9jo55DCUK4=","datePublished":"2024-09-09T12:49:03+00:00","dateModified":"2024-09-22T22:48:56+00:00","author":{"@id":"https:\/\/forumpolskichwiezowcow.pl\/#\/schema\/person\/dfb6ec15c596836354cd82d05056f638"},"description":"Odkryj fascynuj\u0105c\u0105 histori\u0119 no\u017ca w Europie, od jego pradawnych pocz\u0105tk\u00f3w po wsp\u00f3\u0142czesne zastosowania. Dowiedz si\u0119, jak narz\u0119dzie to ewoluowa\u0142o na przestrzeni wiek\u00f3w i jakie mia\u0142o znaczenie w kulturze i codziennym \u017cyciu.","breadcrumb":{"@id":"https:\/\/forumpolskichwiezowcow.pl\/historia-noza-w-europie\/#breadcrumb"},"inLanguage":"ro-RO","potentialAction":[{"@type":"ReadAction","target":["https:\/\/forumpolskichwiezowcow.pl\/historia-noza-w-europie\/"]}]},{"@type":"ImageObject","inLanguage":"ro-RO","@id":"https:\/\/forumpolskichwiezowcow.pl\/historia-noza-w-europie\/#primaryimage","url":"https:\/\/media.istockphoto.com\/id\/1134502481\/ru\/%D1%84%D0%BE%D1%82%D0%BE\/%D0%BE%D1%85%D0%BE%D1%82%D0%BD%D0%B8%D1%87%D0%B8%D0%B9-%D0%BD%D0%BE%D0%B6-wth-%D0%B4%D0%B5%D1%80%D0%B5%D0%B2%D1%8F%D0%BD%D0%BD%D0%B0%D1%8F-%D1%80%D1%83%D1%87%D0%BA%D0%B0-%D0%BD%D0%B0-%D1%82%D0%B5%D0%BC%D0%BD%D0%BE%D0%BC-%D0%B4%D0%B5%D1%80%D0%B5%D0%B2%D1%8F%D0%BD%D0%BD%D0%BE%D0%BC-%D1%84%D0%BE%D0%BD%D0%B5-%D1%81%D1%82%D0%B0%D0%BB%D1%8C%D0%BD%D0%BE%D0%B5-%D0%BE%D1%80%D1%83%D0%B6%D0%B8%D0%B5.jpg?s=612x612&w=0&k=20&c=QOm3cKdw7F6X95kdG-IDspys9Q-YONhEI9jo55DCUK4=","contentUrl":"https:\/\/media.istockphoto.com\/id\/1134502481\/ru\/%D1%84%D0%BE%D1%82%D0%BE\/%D0%BE%D1%85%D0%BE%D1%82%D0%BD%D0%B8%D1%87%D0%B8%D0%B9-%D0%BD%D0%BE%D0%B6-wth-%D0%B4%D0%B5%D1%80%D0%B5%D0%B2%D1%8F%D0%BD%D0%BD%D0%B0%D1%8F-%D1%80%D1%83%D1%87%D0%BA%D0%B0-%D0%BD%D0%B0-%D1%82%D0%B5%D0%BC%D0%BD%D0%BE%D0%BC-%D0%B4%D0%B5%D1%80%D0%B5%D0%B2%D1%8F%D0%BD%D0%BD%D0%BE%D0%BC-%D1%84%D0%BE%D0%BD%D0%B5-%D1%81%D1%82%D0%B0%D0%BB%D1%8C%D0%BD%D0%BE%D0%B5-%D0%BE%D1%80%D1%83%D0%B6%D0%B8%D0%B5.jpg?s=612x612&w=0&k=20&c=QOm3cKdw7F6X95kdG-IDspys9Q-YONhEI9jo55DCUK4="},{"@type":"BreadcrumbList","@id":"https:\/\/forumpolskichwiezowcow.pl\/historia-noza-w-europie\/#breadcrumb","itemListElement":[{"@type":"ListItem","position":1,"name":"Home","item":"https:\/\/forumpolskichwiezowcow.pl\/"},{"@type":"ListItem","position":2,"name":"Historia no\u017ca w Europie."}]},{"@type":"WebSite","@id":"https:\/\/forumpolskichwiezowcow.pl\/#website","url":"https:\/\/forumpolskichwiezowcow.pl\/","name":"forumpolskichwiezowcow.pl","description":"No\u017ce: narz\u0119dzia, kt\u00f3re kszta\u0142tuj\u0105 histori\u0119, kulinaria i przetrwanie.","potentialAction":[{"@type":"SearchAction","target":{"@type":"EntryPoint","urlTemplate":"https:\/\/forumpolskichwiezowcow.pl\/?s={search_term_string}"},"query-input":"required name=search_term_string"}],"inLanguage":"ro-RO"},{"@type":"Person","@id":"https:\/\/forumpolskichwiezowcow.pl\/#\/schema\/person\/dfb6ec15c596836354cd82d05056f638","name":"Sandra Kowal","image":{"@type":"ImageObject","inLanguage":"ro-RO","@id":"https:\/\/forumpolskichwiezowcow.pl\/#\/schema\/person\/image\/","url":"https:\/\/forumpolskichwiezowcow.pl\/wp-content\/uploads\/slihjicded1_ad_avatar-96x96.jpg","contentUrl":"https:\/\/forumpolskichwiezowcow.pl\/wp-content\/uploads\/slihjicded1_ad_avatar-96x96.jpg","caption":"Sandra Kowal"},"url":"https:\/\/forumpolskichwiezowcow.pl\/ro\/author\/sandra-kowal\/"}]}},"yoast_meta":{"yoast_wpseo_title":"","yoast_wpseo_metadesc":"","yoast_wpseo_canonical":"https:\/\/forumpolskichwiezowcow.pl\/ro\/wp-json\/wp\/v2\/posts\/30"},"_links":{"self":[{"href":"https:\/\/forumpolskichwiezowcow.pl\/ro\/wp-json\/wp\/v2\/posts\/30"}],"collection":[{"href":"https:\/\/forumpolskichwiezowcow.pl\/ro\/wp-json\/wp\/v2\/posts"}],"about":[{"href":"https:\/\/forumpolskichwiezowcow.pl\/ro\/wp-json\/wp\/v2\/types\/post"}],"author":[{"embeddable":true,"href":"https:\/\/forumpolskichwiezowcow.pl\/ro\/wp-json\/wp\/v2\/users\/1"}],"replies":[{"embeddable":true,"href":"https:\/\/forumpolskichwiezowcow.pl\/ro\/wp-json\/wp\/v2\/comments?post=30"}],"version-history":[{"count":1,"href":"https:\/\/forumpolskichwiezowcow.pl\/ro\/wp-json\/wp\/v2\/posts\/30\/revisions"}],"predecessor-version":[{"id":31,"href":"https:\/\/forumpolskichwiezowcow.pl\/ro\/wp-json\/wp\/v2\/posts\/30\/revisions\/31"}],"wp:attachment":[{"href":"https:\/\/forumpolskichwiezowcow.pl\/ro\/wp-json\/wp\/v2\/media?parent=30"}],"wp:term":[{"taxonomy":"category","embeddable":true,"href":"https:\/\/forumpolskichwiezowcow.pl\/ro\/wp-json\/wp\/v2\/categories?post=30"},{"taxonomy":"post_tag","embeddable":true,"href":"https:\/\/forumpolskichwiezowcow.pl\/ro\/wp-json\/wp\/v2\/tags?post=30"}],"curies":[{"name":"wp","href":"https:\/\/api.w.org\/{rel}","templated":true}]}}