{"id":441,"date":"2025-02-21T00:00:00","date_gmt":"2025-02-21T00:00:00","guid":{"rendered":"https:\/\/forumpolskichwiezowcow.pl\/?p=441"},"modified":"2025-02-24T13:42:25","modified_gmt":"2025-02-24T13:42:25","slug":"jak-wybrac-idealna-marynarke-na-pore-roku","status":"publish","type":"post","link":"https:\/\/forumpolskichwiezowcow.pl\/ro\/jak-wybrac-idealna-marynarke-na-pore-roku\/","title":{"rendered":"Cum s\u0103 alegi geaca perfect\u0103 pentru sezonul respectiv?"},"content":{"rendered":"<div class=\"kk-star-ratings kksr-auto kksr-align-left kksr-valign-top\"\n    data-payload='{&quot;align&quot;:&quot;left&quot;,&quot;id&quot;:&quot;441&quot;,&quot;slug&quot;:&quot;default&quot;,&quot;valign&quot;:&quot;top&quot;,&quot;ignore&quot;:&quot;&quot;,&quot;reference&quot;:&quot;auto&quot;,&quot;class&quot;:&quot;&quot;,&quot;count&quot;:&quot;0&quot;,&quot;legendonly&quot;:&quot;&quot;,&quot;readonly&quot;:&quot;&quot;,&quot;score&quot;:&quot;0&quot;,&quot;starsonly&quot;:&quot;&quot;,&quot;best&quot;:&quot;5&quot;,&quot;gap&quot;:&quot;5&quot;,&quot;greet&quot;:&quot;&quot;,&quot;legend&quot;:&quot;0\\\/5 - (0 votes)&quot;,&quot;size&quot;:&quot;24&quot;,&quot;title&quot;:&quot;Jak wybra\u0107 idealn\u0105 marynark\u0119 na por\u0119 roku?&quot;,&quot;width&quot;:&quot;0&quot;,&quot;_legend&quot;:&quot;{score}\\\/{best} - ({count} {votes})&quot;,&quot;font_factor&quot;:&quot;1.25&quot;}'>\n            \n<div class=\"kksr-stars\">\n    \n<div class=\"kksr-stars-inactive\">\n            <div class=\"kksr-star\" data-star=\"1\" style=\"padding-right: 5px\">\n            \n\n<div class=\"kksr-icon\" style=\"width: 24px; height: 24px;\"><\/div>\n        <\/div>\n            <div class=\"kksr-star\" data-star=\"2\" style=\"padding-right: 5px\">\n            \n\n<div class=\"kksr-icon\" style=\"width: 24px; height: 24px;\"><\/div>\n        <\/div>\n            <div class=\"kksr-star\" data-star=\"3\" style=\"padding-right: 5px\">\n            \n\n<div class=\"kksr-icon\" style=\"width: 24px; height: 24px;\"><\/div>\n        <\/div>\n            <div class=\"kksr-star\" data-star=\"4\" style=\"padding-right: 5px\">\n            \n\n<div class=\"kksr-icon\" style=\"width: 24px; height: 24px;\"><\/div>\n        <\/div>\n            <div class=\"kksr-star\" data-star=\"5\" style=\"padding-right: 5px\">\n            \n\n<div class=\"kksr-icon\" style=\"width: 24px; height: 24px;\"><\/div>\n        <\/div>\n    <\/div>\n    \n<div class=\"kksr-stars-active\" style=\"width: 0px;\">\n            <div class=\"kksr-star\" style=\"padding-right: 5px\">\n            \n\n<div class=\"kksr-icon\" style=\"width: 24px; height: 24px;\"><\/div>\n        <\/div>\n            <div class=\"kksr-star\" style=\"padding-right: 5px\">\n            \n\n<div class=\"kksr-icon\" style=\"width: 24px; height: 24px;\"><\/div>\n        <\/div>\n            <div class=\"kksr-star\" style=\"padding-right: 5px\">\n            \n\n<div class=\"kksr-icon\" style=\"width: 24px; height: 24px;\"><\/div>\n        <\/div>\n            <div class=\"kksr-star\" style=\"padding-right: 5px\">\n            \n\n<div class=\"kksr-icon\" style=\"width: 24px; height: 24px;\"><\/div>\n        <\/div>\n            <div class=\"kksr-star\" style=\"padding-right: 5px\">\n            \n\n<div class=\"kksr-icon\" style=\"width: 24px; height: 24px;\"><\/div>\n        <\/div>\n    <\/div>\n<\/div>\n                \n\n<div class=\"kksr-legend\" style=\"font-size: 19.2px;\">\n            <span class=\"kksr-muted\"><\/span>\n    <\/div>\n    <\/div>\n<p>Alegerea sacoului perfect nu este doar o chestiune de mod\u0103, ci \u0219i de confort \u0219i stil. Pe m\u0103sur\u0103 ce anotimpurile se schimb\u0103, la fel se schimb\u0103 \u0219i nevoile noastre vestimentare. Sacoul potrivit este cel care poate ad\u0103uga elegan\u021b\u0103 unui look casual sau poate accentua o \u021binut\u0103 formal\u0103 pentru un eveniment important. \u00cen acest articol, vom analiza cum s\u0103 alegi un saco adaptat unui anumit sezon, acord\u00e2nd aten\u021bie elementelor cheie - material, croial\u0103, culoare \u0219i accesorii potrivite. Dac\u0103 te \u00eentrebi cum s\u0103-\u021bi \u00eembog\u0103\u021be\u0219ti garderoba cu acest element esen\u021bial, acest ghid este doar pentru tine. Pentru a lua o decizie \u00een cuno\u0219tin\u021b\u0103 de cauz\u0103 cu privire la cump\u0103rarea unui saco nou, merit\u0103 s\u0103 iei \u00een considerare c\u00e2teva criterii importante. Ghidurile de specialitate recomand\u0103 adesea s\u0103 te concentrezi pe materialele care se vor potrivi cel mai bine condi\u021biilor meteorologice ale unui anumit sezon. Putem distinge diferite \u021bes\u0103turi, fiecare dintre ele av\u00e2nd propriile propriet\u0103\u021bi unice. Luarea \u00een considerare a acestor aspecte te va ajuta s\u0103 te sim\u021bi confortabil \u0219i elegant \u00een fiecare situa\u021bie. S\u0103 vedem ce altceva merit\u0103 s\u0103 \u0219tii atunci c\u00e2nd cumperi un saco.<\/p>\n<h2>La ce ar trebui s\u0103 iei \u00een considerare atunci c\u00e2nd alegi o jachet\u0103?<\/h2>\n<p><img decoding=\"async\" alt=\"M\u0119\u017cczyzna w jasnym garniturze stoi w parku w\u015br\u00f3d kwitn\u0105cych kwiat\u00f3w i drzew. S\u0142o\u0144ce \u015bwieci.\" src=\"https:\/\/forumpolskichwiezowcow.pl\/wp-content\/uploads\/imaged77c50d90e344c159878ab55a6875d76.png\"\/> <\/p>\n<p>Atunci c\u00e2nd alege\u021bi o jachet\u0103, merit\u0103 s\u0103 lua\u021bi \u00een considerare c\u00e2\u021biva factori cheie care vor afecta foarte mult confortul \u0219i estetica. Cei mai importan\u021bi dintre ace\u0219tia sunt materialul, croiala \u0219i potrivirea pentru ocazie.<\/p>\n<h3>Material<\/h3>\n<p>Tipul de material este important pentru confort. Iat\u0103 cele mai frecvent alese materiale:<\/p>\n<ul>\n<li><strong>Bumbac<\/strong> \u2013 perfect pentru prim\u0103var\u0103 \u0219i var\u0103, ofer\u0103 respirabilitate.<\/li>\n<li><strong>L\u00e2n\u0103<\/strong> \u2013 perfect\u0103 pentru toamn\u0103 \u0219i iarn\u0103, oferind c\u0103ldur\u0103 \u0219i elegan\u021b\u0103.<\/li>\n<li><strong>In<\/strong> \u2013 excelent pentru var\u0103, foarte luminos \u0219i aerisit.<\/li>\n<\/ul>\n<h3>T\u0103iere<\/h3>\n<p>Croiala unei jachete poate accentua sau ascunde silueta. G\u00e2nde\u0219te-te ce croial\u0103 se potrive\u0219te cel mai bine stilului t\u0103u. Merit\u0103 s\u0103 cuno\u0219ti c\u00e2teva tipuri de baz\u0103 de croial\u0103:<\/p>\n<ul>\n<li><strong>Montat<\/strong> \u2013 accentueaz\u0103 silueta, fiind adesea folosit\u0103 pentru ocazii formale.<\/li>\n<li><strong>Sl\u0103bit<\/strong> \u2013 asigur\u0103 libertate de mi\u0219care, ideal\u0103 pentru un stil casual.<\/li>\n<\/ul>\n<h2>Cum s\u0103 asortezi o jachet\u0103 cu ocazia?<\/h2>\n<p><img decoding=\"async\" alt=\"M\u0119\u017cczyzna w br\u0105zowym garniturze z bia\u0142\u0105 koszul\u0105 i chusteczk\u0105, stoi w jasnym biurze. W tle ro\u015bliny.\" src=\"https:\/\/forumpolskichwiezowcow.pl\/wp-content\/uploads\/imagee88c1e388b20445aaee697e3e29299ba.png\"\/> <\/p>\n<p>Asortarea jachetei cu ocazia este esen\u021bial\u0103 pentru crearea stilului potrivit. Jacheta ar trebui s\u0103 reflecte natura evenimentului, a\u0219a c\u0103 merit\u0103 s\u0103 lu\u0103m \u00een considerare ce ocazii sunt cele mai importante pentru noi. Aceasta \u00eenseamn\u0103, de asemenea, c\u0103 ar trebui s\u0103 lu\u0103m \u00een considerare abordarea noastr\u0103 \u00een alegerea croielii \u0219i a culorii.<\/p>\n<p>Pentru \u021binutele de zi cu zi, opta\u021bi pentru materiale \u0219i croieli mai casual, \u00een timp ce evenimentele formale necesit\u0103 stiluri clasice \u0219i culori discrete. Iat\u0103 exemple de diferite ocazii \u0219i sacouri potrivite:<\/p>\n<table border=\"1\">\n<tr>\n<th>Oportunitate<\/th>\n<th>Tipul de jachet\u0103<\/th>\n<\/tr>\n<tr>\n<td>\u00cent\u00e2lniri de afaceri<\/td>\n<td>Jachet\u0103 de l\u00e2n\u0103, mulat\u0103<\/td>\n<\/tr>\n<tr>\n<td>Evenimente ocazionale<\/td>\n<td>Jachet\u0103 de in, croial\u0103 mai lejer\u0103<\/td>\n<\/tr>\n<tr>\n<td>Recep\u021bie de nunt\u0103<\/td>\n<td>O jachet\u0103 elegant\u0103 \u00een culori str\u0103lucitoare<\/td>\n<\/tr>\n<\/table>\n<h2>Culoare \u0219i model<\/h2>\n<p>Culoarea \u0219i modelul jachetei sunt, de asemenea, cruciale. Merit\u0103 s\u0103 iei \u00een considerare ce combina\u021bii se vor potrivi cel mai bine cu garderoba ta. Printre exemple se num\u0103r\u0103:<\/p>\n<ul>\n<li><strong>Negru \u0219i albastru marin<\/strong> \u2013 universal \u0219i elegant, perfect pentru orice ocazie.<\/li>\n<li><strong>Culori str\u0103lucitoare<\/strong> \u2013 perfecte pentru prim\u0103var\u0103 \u0219i var\u0103, aduc prospe\u021bime \u0219i energizeaz\u0103 stilul.<\/li>\n<li><strong>Modele<\/strong> \u2013 carourile sau dungile pot ad\u0103uga caracter, dar merit\u0103 s\u0103 ne amintim forma lor pentru a nu domina \u00eentregul aspect.<\/li>\n<\/ul>\n<h2>Accesorii pentru jachete<\/h2>\n<p>Accesoriile perfect asortate pot accentua aspectul jachetei. Merit\u0103 s\u0103 acorda\u021bi aten\u021bie c\u00e2torva elemente care v\u0103 pot distinge \u021binuta. Vede\u021bi ce merit\u0103 luat \u00een considerare:<\/p>\n<ul>\n<li><strong>Cravat\u0103 sau papion<\/strong> \u2013 perfecte pentru ocazii formale, adaug\u0103 elegan\u021b\u0103.<\/li>\n<li><strong>C\u0103ma\u015f\u0103<\/strong> \u2013 alege ceva contrastant sau de aceea\u0219i culoare pentru a crea un aspect armonios.<\/li>\n<li><strong>Pantaloni<\/strong> \u2013 bine asortate cu o jachet\u0103, pot completa \u00eentreaga \u021binut\u0103.<\/li>\n<\/ul>\n<h2>Rezumat<\/h2>\n<p>Alegerea jachetei perfecte pentru sezon necesit\u0103 luarea \u00een considerare a mai multor elemente importante. Materialul, croiala, culoarea \u0219i orice accesorii sunt aspecte cheie de luat \u00een considerare. O abordare con\u0219tient\u0103 a acestor aspecte v\u0103 va permite nu doar s\u0103 ar\u0103ta\u021bi bine, ci \u0219i s\u0103 v\u0103 sim\u021bi\u021bi confortabil \u00een fiecare situa\u021bie. Nu uita\u021bi s\u0103 potrivi\u021bi jacheta \u00een func\u021bie de ocazie \u0219i de preferin\u021bele dumneavoastr\u0103 personale. \u00cen cele din urm\u0103, depinde de dumneavoastr\u0103 s\u0103 decide\u021bi ce se potrive\u0219te cel mai bine stilului dumneavoastr\u0103.<\/p>\n<h2>\u00centreb\u0103ri frecvente<\/h2>\n<ul>\n<li><strong>Ce materiale sunt cele mai bune pentru jachetele de var\u0103?<\/strong> Cele mai bune materiale pentru var\u0103 sunt bumbacul \u0219i inul, deoarece sunt aerisite \u0219i u\u0219oare.<\/li>\n<li><strong>Trebuie neap\u0103rat s\u0103 fie mulat\u0103 jacheta?<\/strong> O croial\u0103 mulat\u0103 este de obicei mai elegant\u0103, dar alegerea final\u0103 depinde de stilul \u0219i confortul t\u0103u.<\/li>\n<li><strong>Ce culori de jachete sunt universale?<\/strong> Culori precum negrul, bleumarinul \u0219i griul sunt considerate universale \u0219i pot fi purtate pentru diverse ocazii.<\/li>\n<li><strong>Ce accesorii se potrivesc cel mai bine cu o jachet\u0103?<\/strong> O cravat\u0103, un papion \u0219i o c\u0103ma\u0219\u0103 elegant\u0103 bine alese pot completa perfect stilul cu un sacou.<\/li>\n<\/ul>","protected":false},"excerpt":{"rendered":"<p>Wyb\u00f3r idealnej marynarki to nie tylko kwestia mody, ale r\u00f3wnie\u017c komfortu i stylu. W miar\u0119 jak zmieniaj\u0105 si\u0119 pory roku, zmieniaj\u0105 si\u0119 r\u00f3wnie\u017c nasze potrzeby w zakresie ubioru. To w\u0142a\u015bnie odpowiednia marynarka mo\u017ce doda\u0107 elegancji do casualowego looku, czy te\u017c podkre\u015bli\u0107 formalny str\u00f3j na wa\u017cne wydarzenie. W tym artykule przyjrzymy si\u0119, jak wybra\u0107 marynark\u0119 dostosowan\u0105 [&hellip;]<\/p>","protected":false},"author":2,"featured_media":397,"comment_status":"closed","ping_status":"closed","sticky":false,"template":"","format":"standard","meta":{"_acf_changed":false,"site-container-style":"default","site-container-layout":"default","site-sidebar-layout":"default","site-transparent-header":"default","prose-style":"enable","disable-article-header":"default","disable-site-header":"default","disable-site-footer":"default","disable-content-area-spacing":"default","footnotes":""},"categories":[1],"tags":[],"class_list":["post-441","post","type-post","status-publish","format-standard","has-post-thumbnail","hentry","category-blog"],"acf":[],"yoast_head":"<!-- This site is optimized with the Yoast SEO plugin v23.2 - https:\/\/yoast.com\/wordpress\/plugins\/seo\/ -->\n<title>Jak wybra\u0107 idealn\u0105 marynark\u0119 na por\u0119 roku? Przewodnik dla ka\u017cdego stylowego m\u0119\u017cczyzny<\/title>\n<meta name=\"description\" content=\"Odkryj, jak wybra\u0107 idealn\u0105 marynark\u0119 na ka\u017cd\u0105 por\u0119 roku, z uwzgl\u0119dnieniem materia\u0142\u00f3w, kroj\u00f3w i dodatk\u00f3w. Sprawd\u017a nasze porady!\" \/>\n<meta name=\"robots\" content=\"index, follow, max-snippet:-1, max-image-preview:large, max-video-preview:-1\" \/>\n<link rel=\"canonical\" href=\"https:\/\/forumpolskichwiezowcow.pl\/ro\/jak-wybrac-idealna-marynarke-na-pore-roku\/\" \/>\n<meta property=\"og:locale\" content=\"ro_RO\" \/>\n<meta property=\"og:type\" content=\"article\" \/>\n<meta property=\"og:title\" content=\"Jak wybra\u0107 idealn\u0105 marynark\u0119 na por\u0119 roku? Przewodnik dla ka\u017cdego stylowego m\u0119\u017cczyzny\" \/>\n<meta property=\"og:description\" content=\"Odkryj, jak wybra\u0107 idealn\u0105 marynark\u0119 na ka\u017cd\u0105 por\u0119 roku, z uwzgl\u0119dnieniem materia\u0142\u00f3w, kroj\u00f3w i dodatk\u00f3w. Sprawd\u017a nasze porady!\" \/>\n<meta property=\"og:url\" content=\"https:\/\/forumpolskichwiezowcow.pl\/ro\/jak-wybrac-idealna-marynarke-na-pore-roku\/\" \/>\n<meta property=\"og:site_name\" content=\"forumpolskichwiezowcow.pl\" \/>\n<meta property=\"article:published_time\" content=\"2025-02-21T00:00:00+00:00\" \/>\n<meta property=\"article:modified_time\" content=\"2025-02-24T13:42:25+00:00\" \/>\n<meta property=\"og:image\" content=\"https:\/\/forumpolskichwiezowcow.pl\/wp-content\/uploads\/image57894464e0b64aea8a31e78c3bc115aa.png\" \/>\n\t<meta property=\"og:image:width\" content=\"1024\" \/>\n\t<meta property=\"og:image:height\" content=\"768\" \/>\n\t<meta property=\"og:image:type\" content=\"image\/png\" \/>\n<meta name=\"author\" content=\"Justyna Sobolewska\" \/>\n<meta name=\"twitter:card\" content=\"summary_large_image\" \/>\n<meta name=\"twitter:label1\" content=\"Scris de\" \/>\n\t<meta name=\"twitter:data1\" content=\"Justyna Sobolewska\" \/>\n\t<meta name=\"twitter:label2\" content=\"Timp estimat pentru citire\" \/>\n\t<meta name=\"twitter:data2\" content=\"4 minute\" \/>\n<script type=\"application\/ld+json\" class=\"yoast-schema-graph\">{\"@context\":\"https:\/\/schema.org\",\"@graph\":[{\"@type\":\"WebPage\",\"@id\":\"https:\/\/forumpolskichwiezowcow.pl\/jak-wybrac-idealna-marynarke-na-pore-roku\/\",\"url\":\"https:\/\/forumpolskichwiezowcow.pl\/jak-wybrac-idealna-marynarke-na-pore-roku\/\",\"name\":\"Jak wybra\u0107 idealn\u0105 marynark\u0119 na por\u0119 roku? Przewodnik dla ka\u017cdego stylowego m\u0119\u017cczyzny\",\"isPartOf\":{\"@id\":\"https:\/\/forumpolskichwiezowcow.pl\/#website\"},\"primaryImageOfPage\":{\"@id\":\"https:\/\/forumpolskichwiezowcow.pl\/jak-wybrac-idealna-marynarke-na-pore-roku\/#primaryimage\"},\"image\":{\"@id\":\"https:\/\/forumpolskichwiezowcow.pl\/jak-wybrac-idealna-marynarke-na-pore-roku\/#primaryimage\"},\"thumbnailUrl\":\"https:\/\/forumpolskichwiezowcow.pl\/wp-content\/uploads\/image57894464e0b64aea8a31e78c3bc115aa.png\",\"datePublished\":\"2025-02-21T00:00:00+00:00\",\"dateModified\":\"2025-02-24T13:42:25+00:00\",\"author\":{\"@id\":\"https:\/\/forumpolskichwiezowcow.pl\/#\/schema\/person\/38dd423d36dd63adf2bf05647c83d863\"},\"description\":\"Odkryj, jak wybra\u0107 idealn\u0105 marynark\u0119 na ka\u017cd\u0105 por\u0119 roku, z uwzgl\u0119dnieniem materia\u0142\u00f3w, kroj\u00f3w i dodatk\u00f3w. Sprawd\u017a nasze porady!\",\"breadcrumb\":{\"@id\":\"https:\/\/forumpolskichwiezowcow.pl\/jak-wybrac-idealna-marynarke-na-pore-roku\/#breadcrumb\"},\"inLanguage\":\"ro-RO\",\"potentialAction\":[{\"@type\":\"ReadAction\",\"target\":[\"https:\/\/forumpolskichwiezowcow.pl\/jak-wybrac-idealna-marynarke-na-pore-roku\/\"]}]},{\"@type\":\"ImageObject\",\"inLanguage\":\"ro-RO\",\"@id\":\"https:\/\/forumpolskichwiezowcow.pl\/jak-wybrac-idealna-marynarke-na-pore-roku\/#primaryimage\",\"url\":\"https:\/\/forumpolskichwiezowcow.pl\/wp-content\/uploads\/image57894464e0b64aea8a31e78c3bc115aa.png\",\"contentUrl\":\"https:\/\/forumpolskichwiezowcow.pl\/wp-content\/uploads\/image57894464e0b64aea8a31e78c3bc115aa.png\",\"width\":1024,\"height\":768},{\"@type\":\"BreadcrumbList\",\"@id\":\"https:\/\/forumpolskichwiezowcow.pl\/jak-wybrac-idealna-marynarke-na-pore-roku\/#breadcrumb\",\"itemListElement\":[{\"@type\":\"ListItem\",\"position\":1,\"name\":\"Home\",\"item\":\"https:\/\/forumpolskichwiezowcow.pl\/\"},{\"@type\":\"ListItem\",\"position\":2,\"name\":\"Jak wybra\u0107 idealn\u0105 marynark\u0119 na por\u0119 roku?\"}]},{\"@type\":\"WebSite\",\"@id\":\"https:\/\/forumpolskichwiezowcow.pl\/#website\",\"url\":\"https:\/\/forumpolskichwiezowcow.pl\/\",\"name\":\"forumpolskichwiezowcow.pl\",\"description\":\"No\u017ce: narz\u0119dzia, kt\u00f3re kszta\u0142tuj\u0105 histori\u0119, kulinaria i przetrwanie.\",\"potentialAction\":[{\"@type\":\"SearchAction\",\"target\":{\"@type\":\"EntryPoint\",\"urlTemplate\":\"https:\/\/forumpolskichwiezowcow.pl\/?s={search_term_string}\"},\"query-input\":\"required name=search_term_string\"}],\"inLanguage\":\"ro-RO\"},{\"@type\":\"Person\",\"@id\":\"https:\/\/forumpolskichwiezowcow.pl\/#\/schema\/person\/38dd423d36dd63adf2bf05647c83d863\",\"name\":\"Justyna Sobolewska\",\"image\":{\"@type\":\"ImageObject\",\"inLanguage\":\"ro-RO\",\"@id\":\"https:\/\/forumpolskichwiezowcow.pl\/#\/schema\/person\/image\/\",\"url\":\"https:\/\/forumpolskichwiezowcow.pl\/wp-content\/uploads\/justyna-sobolewska_avatar-96x96.jpg\",\"contentUrl\":\"https:\/\/forumpolskichwiezowcow.pl\/wp-content\/uploads\/justyna-sobolewska_avatar-96x96.jpg\",\"caption\":\"Justyna Sobolewska\"},\"description\":\"Jako pasjonatka mody z wieloletnim do\u015bwiadczeniem, \u0142\u0105cz\u0119 wiedz\u0119 teoretyczn\u0105 z praktyk\u0105, eksperymentuj\u0105c z r\u00f3\u017cnymi stylami i tworz\u0105c unikalne po\u0142\u0105czenie estetyki z funkcjonalno\u015bci\u0105.\",\"url\":\"https:\/\/forumpolskichwiezowcow.pl\/ro\/author\/justyna-sobolewska\/\"}]}<\/script>\n<!-- \/ Yoast SEO plugin. -->","yoast_head_json":{"title":"Jak wybra\u0107 idealn\u0105 marynark\u0119 na por\u0119 roku? Przewodnik dla ka\u017cdego stylowego m\u0119\u017cczyzny","description":"Odkryj, jak wybra\u0107 idealn\u0105 marynark\u0119 na ka\u017cd\u0105 por\u0119 roku, z uwzgl\u0119dnieniem materia\u0142\u00f3w, kroj\u00f3w i dodatk\u00f3w. Sprawd\u017a nasze porady!","robots":{"index":"index","follow":"follow","max-snippet":"max-snippet:-1","max-image-preview":"max-image-preview:large","max-video-preview":"max-video-preview:-1"},"canonical":"https:\/\/forumpolskichwiezowcow.pl\/ro\/jak-wybrac-idealna-marynarke-na-pore-roku\/","og_locale":"ro_RO","og_type":"article","og_title":"Jak wybra\u0107 idealn\u0105 marynark\u0119 na por\u0119 roku? Przewodnik dla ka\u017cdego stylowego m\u0119\u017cczyzny","og_description":"Odkryj, jak wybra\u0107 idealn\u0105 marynark\u0119 na ka\u017cd\u0105 por\u0119 roku, z uwzgl\u0119dnieniem materia\u0142\u00f3w, kroj\u00f3w i dodatk\u00f3w. Sprawd\u017a nasze porady!","og_url":"https:\/\/forumpolskichwiezowcow.pl\/ro\/jak-wybrac-idealna-marynarke-na-pore-roku\/","og_site_name":"forumpolskichwiezowcow.pl","article_published_time":"2025-02-21T00:00:00+00:00","article_modified_time":"2025-02-24T13:42:25+00:00","og_image":[{"width":1024,"height":768,"url":"https:\/\/forumpolskichwiezowcow.pl\/wp-content\/uploads\/image57894464e0b64aea8a31e78c3bc115aa.png","type":"image\/png"}],"author":"Justyna Sobolewska","twitter_card":"summary_large_image","twitter_misc":{"Scris de":"Justyna Sobolewska","Timp estimat pentru citire":"4 minute"},"schema":{"@context":"https:\/\/schema.org","@graph":[{"@type":"WebPage","@id":"https:\/\/forumpolskichwiezowcow.pl\/jak-wybrac-idealna-marynarke-na-pore-roku\/","url":"https:\/\/forumpolskichwiezowcow.pl\/jak-wybrac-idealna-marynarke-na-pore-roku\/","name":"Jak wybra\u0107 idealn\u0105 marynark\u0119 na por\u0119 roku? Przewodnik dla ka\u017cdego stylowego m\u0119\u017cczyzny","isPartOf":{"@id":"https:\/\/forumpolskichwiezowcow.pl\/#website"},"primaryImageOfPage":{"@id":"https:\/\/forumpolskichwiezowcow.pl\/jak-wybrac-idealna-marynarke-na-pore-roku\/#primaryimage"},"image":{"@id":"https:\/\/forumpolskichwiezowcow.pl\/jak-wybrac-idealna-marynarke-na-pore-roku\/#primaryimage"},"thumbnailUrl":"https:\/\/forumpolskichwiezowcow.pl\/wp-content\/uploads\/image57894464e0b64aea8a31e78c3bc115aa.png","datePublished":"2025-02-21T00:00:00+00:00","dateModified":"2025-02-24T13:42:25+00:00","author":{"@id":"https:\/\/forumpolskichwiezowcow.pl\/#\/schema\/person\/38dd423d36dd63adf2bf05647c83d863"},"description":"Odkryj, jak wybra\u0107 idealn\u0105 marynark\u0119 na ka\u017cd\u0105 por\u0119 roku, z uwzgl\u0119dnieniem materia\u0142\u00f3w, kroj\u00f3w i dodatk\u00f3w. Sprawd\u017a nasze porady!","breadcrumb":{"@id":"https:\/\/forumpolskichwiezowcow.pl\/jak-wybrac-idealna-marynarke-na-pore-roku\/#breadcrumb"},"inLanguage":"ro-RO","potentialAction":[{"@type":"ReadAction","target":["https:\/\/forumpolskichwiezowcow.pl\/jak-wybrac-idealna-marynarke-na-pore-roku\/"]}]},{"@type":"ImageObject","inLanguage":"ro-RO","@id":"https:\/\/forumpolskichwiezowcow.pl\/jak-wybrac-idealna-marynarke-na-pore-roku\/#primaryimage","url":"https:\/\/forumpolskichwiezowcow.pl\/wp-content\/uploads\/image57894464e0b64aea8a31e78c3bc115aa.png","contentUrl":"https:\/\/forumpolskichwiezowcow.pl\/wp-content\/uploads\/image57894464e0b64aea8a31e78c3bc115aa.png","width":1024,"height":768},{"@type":"BreadcrumbList","@id":"https:\/\/forumpolskichwiezowcow.pl\/jak-wybrac-idealna-marynarke-na-pore-roku\/#breadcrumb","itemListElement":[{"@type":"ListItem","position":1,"name":"Home","item":"https:\/\/forumpolskichwiezowcow.pl\/"},{"@type":"ListItem","position":2,"name":"Jak wybra\u0107 idealn\u0105 marynark\u0119 na por\u0119 roku?"}]},{"@type":"WebSite","@id":"https:\/\/forumpolskichwiezowcow.pl\/#website","url":"https:\/\/forumpolskichwiezowcow.pl\/","name":"forumpolskichwiezowcow.pl","description":"No\u017ce: narz\u0119dzia, kt\u00f3re kszta\u0142tuj\u0105 histori\u0119, kulinaria i przetrwanie.","potentialAction":[{"@type":"SearchAction","target":{"@type":"EntryPoint","urlTemplate":"https:\/\/forumpolskichwiezowcow.pl\/?s={search_term_string}"},"query-input":"required name=search_term_string"}],"inLanguage":"ro-RO"},{"@type":"Person","@id":"https:\/\/forumpolskichwiezowcow.pl\/#\/schema\/person\/38dd423d36dd63adf2bf05647c83d863","name":"Justyna Sobolewska","image":{"@type":"ImageObject","inLanguage":"ro-RO","@id":"https:\/\/forumpolskichwiezowcow.pl\/#\/schema\/person\/image\/","url":"https:\/\/forumpolskichwiezowcow.pl\/wp-content\/uploads\/justyna-sobolewska_avatar-96x96.jpg","contentUrl":"https:\/\/forumpolskichwiezowcow.pl\/wp-content\/uploads\/justyna-sobolewska_avatar-96x96.jpg","caption":"Justyna Sobolewska"},"description":"Jako pasjonatka mody z wieloletnim do\u015bwiadczeniem, \u0142\u0105cz\u0119 wiedz\u0119 teoretyczn\u0105 z praktyk\u0105, eksperymentuj\u0105c z r\u00f3\u017cnymi stylami i tworz\u0105c unikalne po\u0142\u0105czenie estetyki z funkcjonalno\u015bci\u0105.","url":"https:\/\/forumpolskichwiezowcow.pl\/ro\/author\/justyna-sobolewska\/"}]}},"yoast_meta":{"yoast_wpseo_title":"","yoast_wpseo_metadesc":"","yoast_wpseo_canonical":"https:\/\/forumpolskichwiezowcow.pl\/ro\/wp-json\/wp\/v2\/posts\/441"},"_links":{"self":[{"href":"https:\/\/forumpolskichwiezowcow.pl\/ro\/wp-json\/wp\/v2\/posts\/441"}],"collection":[{"href":"https:\/\/forumpolskichwiezowcow.pl\/ro\/wp-json\/wp\/v2\/posts"}],"about":[{"href":"https:\/\/forumpolskichwiezowcow.pl\/ro\/wp-json\/wp\/v2\/types\/post"}],"author":[{"embeddable":true,"href":"https:\/\/forumpolskichwiezowcow.pl\/ro\/wp-json\/wp\/v2\/users\/2"}],"replies":[{"embeddable":true,"href":"https:\/\/forumpolskichwiezowcow.pl\/ro\/wp-json\/wp\/v2\/comments?post=441"}],"version-history":[{"count":2,"href":"https:\/\/forumpolskichwiezowcow.pl\/ro\/wp-json\/wp\/v2\/posts\/441\/revisions"}],"predecessor-version":[{"id":468,"href":"https:\/\/forumpolskichwiezowcow.pl\/ro\/wp-json\/wp\/v2\/posts\/441\/revisions\/468"}],"wp:featuredmedia":[{"embeddable":true,"href":"https:\/\/forumpolskichwiezowcow.pl\/ro\/wp-json\/wp\/v2\/media\/397"}],"wp:attachment":[{"href":"https:\/\/forumpolskichwiezowcow.pl\/ro\/wp-json\/wp\/v2\/media?parent=441"}],"wp:term":[{"taxonomy":"category","embeddable":true,"href":"https:\/\/forumpolskichwiezowcow.pl\/ro\/wp-json\/wp\/v2\/categories?post=441"},{"taxonomy":"post_tag","embeddable":true,"href":"https:\/\/forumpolskichwiezowcow.pl\/ro\/wp-json\/wp\/v2\/tags?post=441"}],"curies":[{"name":"wp","href":"https:\/\/api.w.org\/{rel}","templated":true}]}}